{"id":19078,"date":"2026-07-14T14:27:51","date_gmt":"2026-07-14T17:27:51","guid":{"rendered":"https:\/\/www.elvinodelmes.com.ar\/blog\/?p=19078"},"modified":"2026-07-14T14:27:53","modified_gmt":"2026-07-14T17:27:53","slug":"lanzamientos-vino-vacaciones-invierno-2026","status":"publish","type":"post","link":"https:\/\/www.elvinodelmes.com.ar\/blog\/2026\/07\/lanzamientos-vino-vacaciones-invierno-2026.html","title":{"rendered":"Lanzamientos de vino y experiencias para disfrutar las vacaciones de invierno"},"content":{"rendered":"\n<p class=\"wp-block-paragraph\"><strong>Dos vinos de bajo alcohol, un blend pensado para compartir y cinco bodegas con propuestas que combinan degustaciones, gastronom\u00eda, juegos y paisajes. Una selecci\u00f3n de novedades para brindar, viajar o simplemente descubrir algo distinto este invierno.<\/strong><\/p>\n\n\n\n<p class=\"wp-block-paragraph\">El invierno no tiene por qu\u00e9 quedar reducido a tintos pesados, comidas contundentes y planes puertas adentro. Las \u00faltimas novedades muestran un panorama bastante m\u00e1s amplio: vinos frescos y livianos, etiquetas para celebrar el D\u00eda del Amigo y experiencias de enoturismo pensadas para parejas, grupos y familias con chicos.<\/p>\n\n\n\n<p class=\"wp-block-paragraph\">Estas son algunas propuestas para tener en el radar.<\/p>\n\n\n\n<h2 class=\"wp-block-heading\">Trumpeter Low: menos alcohol desde el vi\u00f1edo<\/h2>\n\n\n\n<p class=\"wp-block-paragraph\">Rutini Wines ampl\u00eda la familia Trumpeter con <strong>Trumpeter Low<\/strong>, una l\u00ednea integrada por un Malbec y un Sauvignon Blanc de apenas <strong>9% de alcohol<\/strong>.<\/p>\n\n\n\n<p class=\"wp-block-paragraph\">La diferencia frente a los vinos desalcoholizados est\u00e1 en el proceso: la menor graduaci\u00f3n se consigue naturalmente mediante una cosecha temprana, que permite conservar acidez, frescura y expresi\u00f3n varietal.<\/p>\n\n\n\n<p class=\"wp-block-paragraph\">El <strong>Trumpeter Low Malbec<\/strong> ofrece fruta roja, taninos suaves y un perfil fluido. Seg\u00fan la informaci\u00f3n t\u00e9cnica de la bodega, tiene 21,6% menos calor\u00edas y puede acompa\u00f1ar pizzas de masa fina, tacos, tartas, vegetales, pastas livianas y pollo grillado.<\/p>\n\n\n<div class=\"wp-block-image\">\n<figure class=\"aligncenter size-large\"><img data-recalc-dims=\"1\" loading=\"lazy\" decoding=\"async\" width=\"1024\" height=\"265\" data-attachment-id=\"19079\" data-permalink=\"https:\/\/www.elvinodelmes.com.ar\/blog\/2026\/07\/lanzamientos-vino-vacaciones-invierno-2026.html\/tru_low_malbec-baja\" data-orig-file=\"https:\/\/i0.wp.com\/www.elvinodelmes.com.ar\/blog\/wp-content\/uploads\/2026\/07\/TRU_LOW_Malbec-baja.png?fit=1301%2C337&amp;ssl=1\" data-orig-size=\"1301,337\" data-comments-opened=\"1\" data-image-meta=\"{&quot;aperture&quot;:&quot;0&quot;,&quot;credit&quot;:&quot;&quot;,&quot;camera&quot;:&quot;&quot;,&quot;caption&quot;:&quot;&quot;,&quot;created_timestamp&quot;:&quot;0&quot;,&quot;copyright&quot;:&quot;&quot;,&quot;focal_length&quot;:&quot;0&quot;,&quot;iso&quot;:&quot;0&quot;,&quot;shutter_speed&quot;:&quot;0&quot;,&quot;title&quot;:&quot;&quot;,&quot;orientation&quot;:&quot;0&quot;,&quot;alt&quot;:&quot;&quot;}\" data-image-title=\"TRU_LOW_Malbec &amp;#8211; baja\" data-image-description=\"\" data-image-caption=\"\" data-large-file=\"https:\/\/i0.wp.com\/www.elvinodelmes.com.ar\/blog\/wp-content\/uploads\/2026\/07\/TRU_LOW_Malbec-baja.png?fit=1024%2C265&amp;ssl=1\" src=\"https:\/\/i0.wp.com\/www.elvinodelmes.com.ar\/blog\/wp-content\/uploads\/2026\/07\/TRU_LOW_Malbec-baja.png?resize=1024%2C265&#038;ssl=1\" alt=\"\" class=\"wp-image-19079\" srcset=\"https:\/\/i0.wp.com\/www.elvinodelmes.com.ar\/blog\/wp-content\/uploads\/2026\/07\/TRU_LOW_Malbec-baja.png?resize=1024%2C265&amp;ssl=1 1024w, https:\/\/i0.wp.com\/www.elvinodelmes.com.ar\/blog\/wp-content\/uploads\/2026\/07\/TRU_LOW_Malbec-baja.png?resize=300%2C78&amp;ssl=1 300w, https:\/\/i0.wp.com\/www.elvinodelmes.com.ar\/blog\/wp-content\/uploads\/2026\/07\/TRU_LOW_Malbec-baja.png?resize=768%2C199&amp;ssl=1 768w, https:\/\/i0.wp.com\/www.elvinodelmes.com.ar\/blog\/wp-content\/uploads\/2026\/07\/TRU_LOW_Malbec-baja.png?w=1301&amp;ssl=1 1301w\" sizes=\"auto, (max-width: 1024px) 100vw, 1024px\" \/><\/figure>\n<\/div>\n\n\n<p class=\"wp-block-paragraph\">El <strong>Trumpeter Low Sauvignon Blanc<\/strong> apunta a un registro c\u00edtrico, vibrante y refrescante. La ficha se\u00f1ala 29% menos calor\u00edas y recomienda servirlo con ensaladas, vegetales grillados, pescados, mariscos y cocina mediterr\u00e1nea.<\/p>\n\n\n<div class=\"wp-block-image\">\n<figure class=\"aligncenter size-large\"><img data-recalc-dims=\"1\" loading=\"lazy\" decoding=\"async\" width=\"1024\" height=\"265\" data-attachment-id=\"19080\" data-permalink=\"https:\/\/www.elvinodelmes.com.ar\/blog\/2026\/07\/lanzamientos-vino-vacaciones-invierno-2026.html\/tru_low_sauvignon-blanc-baja\" data-orig-file=\"https:\/\/i0.wp.com\/www.elvinodelmes.com.ar\/blog\/wp-content\/uploads\/2026\/07\/TRU_LOW_Sauvignon-Blanc-baja.png?fit=1301%2C337&amp;ssl=1\" data-orig-size=\"1301,337\" data-comments-opened=\"1\" data-image-meta=\"{&quot;aperture&quot;:&quot;0&quot;,&quot;credit&quot;:&quot;&quot;,&quot;camera&quot;:&quot;&quot;,&quot;caption&quot;:&quot;&quot;,&quot;created_timestamp&quot;:&quot;0&quot;,&quot;copyright&quot;:&quot;&quot;,&quot;focal_length&quot;:&quot;0&quot;,&quot;iso&quot;:&quot;0&quot;,&quot;shutter_speed&quot;:&quot;0&quot;,&quot;title&quot;:&quot;&quot;,&quot;orientation&quot;:&quot;0&quot;,&quot;alt&quot;:&quot;&quot;}\" data-image-title=\"TRU_LOW_Sauvignon Blanc-baja\" data-image-description=\"\" data-image-caption=\"\" data-large-file=\"https:\/\/i0.wp.com\/www.elvinodelmes.com.ar\/blog\/wp-content\/uploads\/2026\/07\/TRU_LOW_Sauvignon-Blanc-baja.png?fit=1024%2C265&amp;ssl=1\" src=\"https:\/\/i0.wp.com\/www.elvinodelmes.com.ar\/blog\/wp-content\/uploads\/2026\/07\/TRU_LOW_Sauvignon-Blanc-baja.png?resize=1024%2C265&#038;ssl=1\" alt=\"\" class=\"wp-image-19080\" srcset=\"https:\/\/i0.wp.com\/www.elvinodelmes.com.ar\/blog\/wp-content\/uploads\/2026\/07\/TRU_LOW_Sauvignon-Blanc-baja.png?resize=1024%2C265&amp;ssl=1 1024w, https:\/\/i0.wp.com\/www.elvinodelmes.com.ar\/blog\/wp-content\/uploads\/2026\/07\/TRU_LOW_Sauvignon-Blanc-baja.png?resize=300%2C78&amp;ssl=1 300w, https:\/\/i0.wp.com\/www.elvinodelmes.com.ar\/blog\/wp-content\/uploads\/2026\/07\/TRU_LOW_Sauvignon-Blanc-baja.png?resize=768%2C199&amp;ssl=1 768w, https:\/\/i0.wp.com\/www.elvinodelmes.com.ar\/blog\/wp-content\/uploads\/2026\/07\/TRU_LOW_Sauvignon-Blanc-baja.png?w=1301&amp;ssl=1 1301w\" sizes=\"auto, (max-width: 1024px) 100vw, 1024px\" \/><\/figure>\n<\/div>\n\n\n<p class=\"wp-block-paragraph\"><strong>Precio sugerido:<\/strong> $14.200 cada botella.<\/p>\n\n\n\n<p class=\"wp-block-paragraph\">Es una propuesta interesante para quienes buscan bajar la graduaci\u00f3n sin abandonar completamente la experiencia del vino ni recurrir a un producto sin alcohol.<\/p>\n\n\n\n<p class=\"wp-block-paragraph\">M\u00e1s info:\u00a0<a href=\"https:\/\/rutiniwines.com\/trumpeter-low\/\" target=\"_blank\" rel=\"noreferrer noopener nofollow\">https:\/\/rutiniwines.com\/trumpeter-low\/<\/a><\/p>\n\n\n\n<h2 class=\"wp-block-heading\">Pulsi\u00f3n Blend Reserva: dos variedades que funcionan mejor juntas<\/h2>\n\n\n\n<p class=\"wp-block-paragraph\">Con el D\u00eda del Amigo como excusa, Pulsi\u00f3n Wine presenta su nuevo <strong>Blend Reserva 2023<\/strong>, elaborado en Luj\u00e1n de Cuyo a partir de Malbec y Cabernet Sauvignon.<\/p>\n\n\n\n<p class=\"wp-block-paragraph\">El Malbec aporta fruta oscura, calidez y volumen, mientras que el Cabernet Sauvignon suma estructura y tensi\u00f3n. Despu\u00e9s de doce meses en barrica, el resultado es un tinto de cuerpo medio a alto, taninos redondos, notas de ciruela, cassis, mora y especias, con la madera integrada y un final persistente.<\/p>\n\n\n<div class=\"wp-block-image\">\n<figure class=\"aligncenter size-full\"><img data-recalc-dims=\"1\" loading=\"lazy\" decoding=\"async\" width=\"745\" height=\"192\" data-attachment-id=\"19081\" data-permalink=\"https:\/\/www.elvinodelmes.com.ar\/blog\/2026\/07\/lanzamientos-vino-vacaciones-invierno-2026.html\/pulsion-blend\" data-orig-file=\"https:\/\/i0.wp.com\/www.elvinodelmes.com.ar\/blog\/wp-content\/uploads\/2026\/07\/Pulsion-Blend.png?fit=745%2C192&amp;ssl=1\" data-orig-size=\"745,192\" data-comments-opened=\"1\" data-image-meta=\"{&quot;aperture&quot;:&quot;0&quot;,&quot;credit&quot;:&quot;&quot;,&quot;camera&quot;:&quot;&quot;,&quot;caption&quot;:&quot;&quot;,&quot;created_timestamp&quot;:&quot;0&quot;,&quot;copyright&quot;:&quot;&quot;,&quot;focal_length&quot;:&quot;0&quot;,&quot;iso&quot;:&quot;0&quot;,&quot;shutter_speed&quot;:&quot;0&quot;,&quot;title&quot;:&quot;&quot;,&quot;orientation&quot;:&quot;0&quot;,&quot;alt&quot;:&quot;&quot;}\" data-image-title=\"Pulsion Blend\" data-image-description=\"\" data-image-caption=\"\" data-large-file=\"https:\/\/i0.wp.com\/www.elvinodelmes.com.ar\/blog\/wp-content\/uploads\/2026\/07\/Pulsion-Blend.png?fit=745%2C192&amp;ssl=1\" src=\"https:\/\/i0.wp.com\/www.elvinodelmes.com.ar\/blog\/wp-content\/uploads\/2026\/07\/Pulsion-Blend.png?resize=745%2C192&#038;ssl=1\" alt=\"\" class=\"wp-image-19081\" srcset=\"https:\/\/i0.wp.com\/www.elvinodelmes.com.ar\/blog\/wp-content\/uploads\/2026\/07\/Pulsion-Blend.png?w=745&amp;ssl=1 745w, https:\/\/i0.wp.com\/www.elvinodelmes.com.ar\/blog\/wp-content\/uploads\/2026\/07\/Pulsion-Blend.png?resize=300%2C77&amp;ssl=1 300w\" sizes=\"auto, (max-width: 745px) 100vw, 745px\" \/><\/figure>\n<\/div>\n\n\n<p class=\"wp-block-paragraph\">Es un vino para acompa\u00f1ar carnes a la parrilla, pastas con salsas intensas o quesos estacionados. Y, siguiendo el concepto del lanzamiento, para abrir entre amigos: dos variedades que dejaron de competir para empezar a complementarse.<\/p>\n\n\n\n<p class=\"wp-block-paragraph\"><strong>Precio sugerido:<\/strong> $38.000.<br>M\u00e1s info: <a href=\"https:\/\/instagram.com\/pulsion.wine\" target=\"_blank\" rel=\"noreferrer noopener nofollow\">@pulsion.wine<\/a><\/p>\n\n\n\n<h2 class=\"wp-block-heading\">Andeluna: invierno, gastronom\u00eda y monta\u00f1a en Gualtallary<\/h2>\n\n\n\n<p class=\"wp-block-paragraph\">En Gualtallary, Andeluna propone aprovechar el paisaje invernal con experiencias de alojamiento y gastronom\u00eda frente a la Cordillera.<\/p>\n\n\n\n<p class=\"wp-block-paragraph\">Quienes se hospeden en <strong>Andeluna Winery Lodge<\/strong> podr\u00e1n acceder, de domingo a jueves, a la experiencia <em>Tardecitas<\/em>, con vinos y cocina de estaci\u00f3n. De viernes a domingo, la estad\u00eda incorpora <em>El Arte del Maridaje<\/em>.<\/p>\n\n\n<div class=\"wp-block-image\">\n<figure class=\"aligncenter size-large\"><img data-recalc-dims=\"1\" loading=\"lazy\" decoding=\"async\" width=\"1024\" height=\"586\" data-attachment-id=\"19083\" data-permalink=\"https:\/\/www.elvinodelmes.com.ar\/blog\/2026\/07\/lanzamientos-vino-vacaciones-invierno-2026.html\/image-461\" data-orig-file=\"https:\/\/i0.wp.com\/www.elvinodelmes.com.ar\/blog\/wp-content\/uploads\/2026\/07\/image-1.png?fit=1065%2C609&amp;ssl=1\" data-orig-size=\"1065,609\" data-comments-opened=\"1\" data-image-meta=\"{&quot;aperture&quot;:&quot;0&quot;,&quot;credit&quot;:&quot;&quot;,&quot;camera&quot;:&quot;&quot;,&quot;caption&quot;:&quot;&quot;,&quot;created_timestamp&quot;:&quot;0&quot;,&quot;copyright&quot;:&quot;&quot;,&quot;focal_length&quot;:&quot;0&quot;,&quot;iso&quot;:&quot;0&quot;,&quot;shutter_speed&quot;:&quot;0&quot;,&quot;title&quot;:&quot;&quot;,&quot;orientation&quot;:&quot;0&quot;,&quot;alt&quot;:&quot;&quot;}\" data-image-title=\"image\" data-image-description=\"\" data-image-caption=\"\" data-large-file=\"https:\/\/i0.wp.com\/www.elvinodelmes.com.ar\/blog\/wp-content\/uploads\/2026\/07\/image-1.png?fit=1024%2C586&amp;ssl=1\" src=\"https:\/\/i0.wp.com\/www.elvinodelmes.com.ar\/blog\/wp-content\/uploads\/2026\/07\/image-1.png?resize=1024%2C586&#038;ssl=1\" alt=\"\" class=\"wp-image-19083\" srcset=\"https:\/\/i0.wp.com\/www.elvinodelmes.com.ar\/blog\/wp-content\/uploads\/2026\/07\/image-1.png?resize=1024%2C586&amp;ssl=1 1024w, https:\/\/i0.wp.com\/www.elvinodelmes.com.ar\/blog\/wp-content\/uploads\/2026\/07\/image-1.png?resize=300%2C172&amp;ssl=1 300w, https:\/\/i0.wp.com\/www.elvinodelmes.com.ar\/blog\/wp-content\/uploads\/2026\/07\/image-1.png?resize=768%2C439&amp;ssl=1 768w, https:\/\/i0.wp.com\/www.elvinodelmes.com.ar\/blog\/wp-content\/uploads\/2026\/07\/image-1.png?w=1065&amp;ssl=1 1065w\" sizes=\"auto, (max-width: 1024px) 100vw, 1024px\" \/><\/figure>\n<\/div>\n\n\n<p class=\"wp-block-paragraph\">Las propuestas estar\u00e1n disponibles hasta el <strong>30 de agosto de 2026<\/strong>, con un beneficio del 20% para residentes argentinos, reserva directa y una estad\u00eda m\u00ednima de dos noches.<\/p>\n\n\n\n<p class=\"wp-block-paragraph\">En el restaurante tambi\u00e9n se ofrecen la <strong>Experiencia Cabernet Franc<\/strong>, un men\u00fa de seis pasos dedicado a diferentes expresiones de la variedad, y <strong>Pasos por la Monta\u00f1a<\/strong>, con cuatro tiempos y vinos seleccionados. Ambos cuentan con 30% de beneficio para residentes argentinos mediante reserva directa.<\/p>\n\n\n\n<p class=\"wp-block-paragraph\"><strong>Reservas del lodge:<\/strong> +54 9 2617 17-4650.<br><strong>Turismo y restaurante:<\/strong> +54 9 261 460-6855.<br>M\u00e1s info: <a href=\"http:\/\/www.andelunawinerylodge.com\/\" target=\"_blank\" rel=\"noreferrer noopener nofollow\">www.andelunawinerylodge.com<\/a><\/p>\n\n\n\n<h2 class=\"wp-block-heading\">Do\u00f1a Paula: una bodega para visitar con chicos<\/h2>\n\n\n\n<p class=\"wp-block-paragraph\">Bodega Do\u00f1a Paula prepar\u00f3 una experiencia que busca integrar a toda la familia, evitando que los ni\u00f1os queden simplemente esperando mientras los adultos degustan.<\/p>\n\n\n\n<p class=\"wp-block-paragraph\">La actividad comienza con un paseo por los vi\u00f1edos de Ugarteche y una pr\u00e1ctica de poda. Luego contin\u00faa con una experiencia de realidad virtual para recorrer los principales terroirs de la bodega.<\/p>\n\n\n<div class=\"wp-block-image\">\n<figure class=\"aligncenter size-large\"><img data-recalc-dims=\"1\" loading=\"lazy\" decoding=\"async\" width=\"1024\" height=\"519\" data-attachment-id=\"19088\" data-permalink=\"https:\/\/www.elvinodelmes.com.ar\/blog\/2026\/07\/lanzamientos-vino-vacaciones-invierno-2026.html\/image-466\" data-orig-file=\"https:\/\/i0.wp.com\/www.elvinodelmes.com.ar\/blog\/wp-content\/uploads\/2026\/07\/image-6.png?fit=1052%2C533&amp;ssl=1\" data-orig-size=\"1052,533\" data-comments-opened=\"1\" data-image-meta=\"{&quot;aperture&quot;:&quot;0&quot;,&quot;credit&quot;:&quot;&quot;,&quot;camera&quot;:&quot;&quot;,&quot;caption&quot;:&quot;&quot;,&quot;created_timestamp&quot;:&quot;0&quot;,&quot;copyright&quot;:&quot;&quot;,&quot;focal_length&quot;:&quot;0&quot;,&quot;iso&quot;:&quot;0&quot;,&quot;shutter_speed&quot;:&quot;0&quot;,&quot;title&quot;:&quot;&quot;,&quot;orientation&quot;:&quot;0&quot;,&quot;alt&quot;:&quot;&quot;}\" data-image-title=\"image\" data-image-description=\"\" data-image-caption=\"\" data-large-file=\"https:\/\/i0.wp.com\/www.elvinodelmes.com.ar\/blog\/wp-content\/uploads\/2026\/07\/image-6.png?fit=1024%2C519&amp;ssl=1\" src=\"https:\/\/i0.wp.com\/www.elvinodelmes.com.ar\/blog\/wp-content\/uploads\/2026\/07\/image-6.png?resize=1024%2C519&#038;ssl=1\" alt=\"\" class=\"wp-image-19088\" srcset=\"https:\/\/i0.wp.com\/www.elvinodelmes.com.ar\/blog\/wp-content\/uploads\/2026\/07\/image-6.png?resize=1024%2C519&amp;ssl=1 1024w, https:\/\/i0.wp.com\/www.elvinodelmes.com.ar\/blog\/wp-content\/uploads\/2026\/07\/image-6.png?resize=300%2C152&amp;ssl=1 300w, https:\/\/i0.wp.com\/www.elvinodelmes.com.ar\/blog\/wp-content\/uploads\/2026\/07\/image-6.png?resize=768%2C389&amp;ssl=1 768w, https:\/\/i0.wp.com\/www.elvinodelmes.com.ar\/blog\/wp-content\/uploads\/2026\/07\/image-6.png?w=1052&amp;ssl=1 1052w\" sizes=\"auto, (max-width: 1024px) 100vw, 1024px\" \/><\/figure>\n<\/div>\n\n\n<p class=\"wp-block-paragraph\">Mientras los adultos prueban cinco vinos, los chicos participan de una degustaci\u00f3n guiada de bebidas sin alcohol en versiones blanca, rosada y tinta. La propuesta incluye quesos, galletas, chocolates y una actividad de dibujo y pintura en los jardines.<\/p>\n\n\n\n<p class=\"wp-block-paragraph\"><strong>Duraci\u00f3n:<\/strong> 1 hora y 45 minutos.<br><strong>Adultos:<\/strong> $42.000.<br><strong>Ni\u00f1os:<\/strong> $32.000.<br><strong>Reservas:<\/strong> +54 9 2613 41-5739.<br>Instagram: <a href=\"https:\/\/instagram.com\/donapaulawines\" target=\"_blank\" rel=\"noreferrer noopener nofollow\">@donapaulawines<\/a><\/p>\n\n\n\n<p class=\"wp-block-paragraph\">Una opci\u00f3n especialmente recomendable para familias que quieren acercarse al mundo del vino sin convertir la salida en un plan exclusivamente adulto.<\/p>\n\n\n\n<h2 class=\"wp-block-heading\">Familia Schroeder: brindar y personalizar la copa<\/h2>\n\n\n\n<p class=\"wp-block-paragraph\">En San Patricio del Cha\u00f1ar, Neuqu\u00e9n, Bodega Familia Schroeder suma una propuesta especial para celebrar el D\u00eda del Amigo.<\/p>\n\n\n\n<p class=\"wp-block-paragraph\">El <strong>s\u00e1bado 18 de julio<\/strong>, los visitantes podr\u00e1n participar de una actividad que incluye recorrido guiado, degustaci\u00f3n, brunch y una copa con materiales para intervenirla y personalizarla.<\/p>\n\n\n<div class=\"wp-block-image\">\n<figure class=\"aligncenter size-large\"><img data-recalc-dims=\"1\" loading=\"lazy\" decoding=\"async\" width=\"1024\" height=\"683\" data-attachment-id=\"19090\" data-permalink=\"https:\/\/www.elvinodelmes.com.ar\/blog\/2026\/07\/lanzamientos-vino-vacaciones-invierno-2026.html\/image-468\" data-orig-file=\"https:\/\/i0.wp.com\/www.elvinodelmes.com.ar\/blog\/wp-content\/uploads\/2026\/07\/image-8-scaled.png?fit=2560%2C1707&amp;ssl=1\" data-orig-size=\"2560,1707\" data-comments-opened=\"1\" data-image-meta=\"{&quot;aperture&quot;:&quot;0&quot;,&quot;credit&quot;:&quot;&quot;,&quot;camera&quot;:&quot;&quot;,&quot;caption&quot;:&quot;&quot;,&quot;created_timestamp&quot;:&quot;0&quot;,&quot;copyright&quot;:&quot;&quot;,&quot;focal_length&quot;:&quot;0&quot;,&quot;iso&quot;:&quot;0&quot;,&quot;shutter_speed&quot;:&quot;0&quot;,&quot;title&quot;:&quot;&quot;,&quot;orientation&quot;:&quot;0&quot;,&quot;alt&quot;:&quot;&quot;}\" data-image-title=\"image\" data-image-description=\"\" data-image-caption=\"\" data-large-file=\"https:\/\/i0.wp.com\/www.elvinodelmes.com.ar\/blog\/wp-content\/uploads\/2026\/07\/image-8-scaled.png?fit=1024%2C683&amp;ssl=1\" src=\"https:\/\/i0.wp.com\/www.elvinodelmes.com.ar\/blog\/wp-content\/uploads\/2026\/07\/image-8.png?resize=1024%2C683&#038;ssl=1\" alt=\"\" class=\"wp-image-19090\" srcset=\"https:\/\/i0.wp.com\/www.elvinodelmes.com.ar\/blog\/wp-content\/uploads\/2026\/07\/image-8-scaled.png?resize=1024%2C683&amp;ssl=1 1024w, https:\/\/i0.wp.com\/www.elvinodelmes.com.ar\/blog\/wp-content\/uploads\/2026\/07\/image-8-scaled.png?resize=300%2C200&amp;ssl=1 300w, https:\/\/i0.wp.com\/www.elvinodelmes.com.ar\/blog\/wp-content\/uploads\/2026\/07\/image-8-scaled.png?resize=768%2C512&amp;ssl=1 768w, https:\/\/i0.wp.com\/www.elvinodelmes.com.ar\/blog\/wp-content\/uploads\/2026\/07\/image-8-scaled.png?resize=1536%2C1024&amp;ssl=1 1536w, https:\/\/i0.wp.com\/www.elvinodelmes.com.ar\/blog\/wp-content\/uploads\/2026\/07\/image-8-scaled.png?resize=2048%2C1365&amp;ssl=1 2048w, https:\/\/i0.wp.com\/www.elvinodelmes.com.ar\/blog\/wp-content\/uploads\/2026\/07\/image-8-scaled.png?w=2340&amp;ssl=1 2340w\" sizes=\"auto, (max-width: 1024px) 100vw, 1024px\" \/><\/figure>\n<\/div>\n\n\n<p class=\"wp-block-paragraph\">Adem\u00e1s, el restaurante <strong>Saurus del Parque<\/strong>, dirigido por el chef F\u00e9lix Aguilera, mantiene su propuesta de cocina patag\u00f3nica acompa\u00f1ada por los vinos de la casa.<\/p>\n\n\n\n<p class=\"wp-block-paragraph\"><strong>Restaurante:<\/strong> mi\u00e9rcoles a domingos y feriados, de 12 a 17.<br><strong>Turismo y reservas:<\/strong> +54 299 454-8920 &#8211; <strong><a href=\"mailto:turismo@familiaschroeder.com\" target=\"_blank\" rel=\"noreferrer noopener\">turismo@familiaschroeder.com<\/a><\/strong>.<br><strong>Restaurante:<\/strong> +54 9 2996 05-8028.<\/p>\n\n\n\n<h2 class=\"wp-block-heading\">Kaiken: crear un blend en familia<\/h2>\n\n\n\n<p class=\"wp-block-paragraph\">En Vistalba, Bodega Kaiken combina recorridos por los vi\u00f1edos, gastronom\u00eda al fuego y actividades participativas.<\/p>\n\n\n\n<p class=\"wp-block-paragraph\">El <strong>Juego de Blend<\/strong> incluye una visita por la bodega, los vi\u00f1edos y la Cava del \u00c1ngel. Despu\u00e9s, cada participante puede crear su propio corte, mientras ni\u00f1os y adultos dise\u00f1an la etiqueta.<\/p>\n\n\n<div class=\"wp-block-image\">\n<figure class=\"aligncenter size-large\"><img data-recalc-dims=\"1\" loading=\"lazy\" decoding=\"async\" width=\"1024\" height=\"427\" data-attachment-id=\"19086\" data-permalink=\"https:\/\/www.elvinodelmes.com.ar\/blog\/2026\/07\/lanzamientos-vino-vacaciones-invierno-2026.html\/image-464\" data-orig-file=\"https:\/\/i0.wp.com\/www.elvinodelmes.com.ar\/blog\/wp-content\/uploads\/2026\/07\/image-4.png?fit=1200%2C500&amp;ssl=1\" data-orig-size=\"1200,500\" data-comments-opened=\"1\" data-image-meta=\"{&quot;aperture&quot;:&quot;0&quot;,&quot;credit&quot;:&quot;&quot;,&quot;camera&quot;:&quot;&quot;,&quot;caption&quot;:&quot;&quot;,&quot;created_timestamp&quot;:&quot;0&quot;,&quot;copyright&quot;:&quot;&quot;,&quot;focal_length&quot;:&quot;0&quot;,&quot;iso&quot;:&quot;0&quot;,&quot;shutter_speed&quot;:&quot;0&quot;,&quot;title&quot;:&quot;&quot;,&quot;orientation&quot;:&quot;0&quot;,&quot;alt&quot;:&quot;&quot;}\" data-image-title=\"image\" data-image-description=\"\" data-image-caption=\"\" data-large-file=\"https:\/\/i0.wp.com\/www.elvinodelmes.com.ar\/blog\/wp-content\/uploads\/2026\/07\/image-4.png?fit=1024%2C427&amp;ssl=1\" src=\"https:\/\/i0.wp.com\/www.elvinodelmes.com.ar\/blog\/wp-content\/uploads\/2026\/07\/image-4.png?resize=1024%2C427&#038;ssl=1\" alt=\"\" class=\"wp-image-19086\" srcset=\"https:\/\/i0.wp.com\/www.elvinodelmes.com.ar\/blog\/wp-content\/uploads\/2026\/07\/image-4.png?resize=1024%2C427&amp;ssl=1 1024w, https:\/\/i0.wp.com\/www.elvinodelmes.com.ar\/blog\/wp-content\/uploads\/2026\/07\/image-4.png?resize=300%2C125&amp;ssl=1 300w, https:\/\/i0.wp.com\/www.elvinodelmes.com.ar\/blog\/wp-content\/uploads\/2026\/07\/image-4.png?resize=768%2C320&amp;ssl=1 768w, https:\/\/i0.wp.com\/www.elvinodelmes.com.ar\/blog\/wp-content\/uploads\/2026\/07\/image-4.png?w=1200&amp;ssl=1 1200w\" sizes=\"auto, (max-width: 1024px) 100vw, 1024px\" \/><\/figure>\n<\/div>\n\n\n<p class=\"wp-block-paragraph\"><strong>Experiencia individual:<\/strong> $72.107.<br><strong>Opci\u00f3n familiar para dos adultos y dos menores:<\/strong> $124.815.<\/p>\n\n\n\n<p class=\"wp-block-paragraph\">Tambi\u00e9n funciona la cafeter\u00eda de <strong>Kaiken Ramos Generales<\/strong>, disponible de 9.30 a 12 con reserva previa, y el <strong>Men\u00fa Family Style<\/strong>, pensado para grupos de dos a diez personas. Este \u00faltimo incluye entradas y postres al centro, un principal a elecci\u00f3n y vinos de las l\u00edneas Divina o Kaiken Ultra.<\/p>\n\n\n\n<p class=\"wp-block-paragraph\"><strong>Men\u00fa Family Style:<\/strong> $123.675 por persona.<br><strong>Reservas:<\/strong> +54 9 261 353-0789.<br><strong>M\u00e1s info:\u00a0<\/strong><a href=\"https:\/\/www.kaikenwines.com\" target=\"_blank\" rel=\"noreferrer noopener nofollow\">www.kaikenwines.com<\/a>\u00a0| IG:\u00a0<a href=\"https:\/\/instagram.com\/kaikenramosgenerales\" target=\"_blank\" rel=\"noreferrer noopener nofollow\">@kaikenramosgenerales<\/a><\/p>\n\n\n\n<h2 class=\"wp-block-heading\">Domaine Bousquet: una experiencia completa en Gaia<\/h2>\n\n\n\n<p class=\"wp-block-paragraph\">Domaine Bousquet concentra en Gualtallary una de las propuestas m\u00e1s amplias: restaurante, degustaciones, actividades y alojamiento dentro de la finca.<\/p>\n\n\n\n<p class=\"wp-block-paragraph\">Gaia Restaurante ofrece diferentes men\u00fas con productos de su huerta org\u00e1nica y biodin\u00e1mica, opciones infantiles y almuerzos que comienzan en <strong>$30.000<\/strong>, con vino y visita incluidos.<\/p>\n\n\n\n<p class=\"wp-block-paragraph\">Tambi\u00e9n se pueden realizar degustaciones centradas en la producci\u00f3n org\u00e1nica, biodin\u00e1mica y regenerativa, una clase de cocina con elaboraci\u00f3n de empanadas, pan y carnes a las brasas, o una cabalgata por los vi\u00f1edos seguida de un men\u00fa maridado.<\/p>\n\n\n\n<p class=\"wp-block-paragraph\">Para quienes quieran quedarse, <strong>Gaia Lodge<\/strong> dispone de siete habitaciones, incluidas opciones para familias, con vistas a la monta\u00f1a o al valle.<\/p>\n\n\n<div class=\"wp-block-image\">\n<figure class=\"aligncenter size-large\"><img data-recalc-dims=\"1\" loading=\"lazy\" decoding=\"async\" width=\"1024\" height=\"521\" data-attachment-id=\"19085\" data-permalink=\"https:\/\/www.elvinodelmes.com.ar\/blog\/2026\/07\/lanzamientos-vino-vacaciones-invierno-2026.html\/image-463\" data-orig-file=\"https:\/\/i0.wp.com\/www.elvinodelmes.com.ar\/blog\/wp-content\/uploads\/2026\/07\/image-3.png?fit=1139%2C579&amp;ssl=1\" data-orig-size=\"1139,579\" data-comments-opened=\"1\" data-image-meta=\"{&quot;aperture&quot;:&quot;0&quot;,&quot;credit&quot;:&quot;&quot;,&quot;camera&quot;:&quot;&quot;,&quot;caption&quot;:&quot;&quot;,&quot;created_timestamp&quot;:&quot;0&quot;,&quot;copyright&quot;:&quot;&quot;,&quot;focal_length&quot;:&quot;0&quot;,&quot;iso&quot;:&quot;0&quot;,&quot;shutter_speed&quot;:&quot;0&quot;,&quot;title&quot;:&quot;&quot;,&quot;orientation&quot;:&quot;0&quot;,&quot;alt&quot;:&quot;&quot;}\" data-image-title=\"image\" data-image-description=\"\" data-image-caption=\"\" data-large-file=\"https:\/\/i0.wp.com\/www.elvinodelmes.com.ar\/blog\/wp-content\/uploads\/2026\/07\/image-3.png?fit=1024%2C521&amp;ssl=1\" src=\"https:\/\/i0.wp.com\/www.elvinodelmes.com.ar\/blog\/wp-content\/uploads\/2026\/07\/image-3.png?resize=1024%2C521&#038;ssl=1\" alt=\"\" class=\"wp-image-19085\" srcset=\"https:\/\/i0.wp.com\/www.elvinodelmes.com.ar\/blog\/wp-content\/uploads\/2026\/07\/image-3.png?resize=1024%2C521&amp;ssl=1 1024w, https:\/\/i0.wp.com\/www.elvinodelmes.com.ar\/blog\/wp-content\/uploads\/2026\/07\/image-3.png?resize=300%2C153&amp;ssl=1 300w, https:\/\/i0.wp.com\/www.elvinodelmes.com.ar\/blog\/wp-content\/uploads\/2026\/07\/image-3.png?resize=768%2C390&amp;ssl=1 768w, https:\/\/i0.wp.com\/www.elvinodelmes.com.ar\/blog\/wp-content\/uploads\/2026\/07\/image-3.png?w=1139&amp;ssl=1 1139w\" sizes=\"auto, (max-width: 1024px) 100vw, 1024px\" \/><\/figure>\n<\/div>\n\n\n<p class=\"wp-block-paragraph\"><strong>Turismo y restaurante:<\/strong> +54 9 261 532-0896.<br><strong>Gaia Lodge:<\/strong> +54 9 2615 09-5346.<br><strong>Reservas<\/strong>: <a href=\"https:\/\/wineobs.com.ar\/mro\/domaine-bousquet\" target=\"_blank\" rel=\"noreferrer noopener nofollow\"><strong>Reservas Web<\/strong><\/a><\/p>\n\n\n\n<h2 class=\"wp-block-heading\">Vinos y bodegas para vivir el invierno de otra manera<\/h2>\n\n\n\n<p class=\"wp-block-paragraph\">Las novedades de esta temporada muestran dos caminos que empiezan a crecer con fuerza. Por un lado, vinos m\u00e1s ligeros, frescos y adaptados a nuevas formas de consumo. Por otro, bodegas que ampl\u00edan su propuesta para incluir gastronom\u00eda, naturaleza, tecnolog\u00eda y actividades en las que tambi\u00e9n pueden participar los chicos.<\/p>\n\n\n\n<p class=\"wp-block-paragraph\">Ya sea para abrir una botella en casa, celebrar con amigos o planificar una escapada, el invierno ofrece bastante m\u00e1s que quedarse junto a la estufa.<\/p>\n\n\n\n<p class=\"wp-block-paragraph\"><strong>Los precios fueron informados por las bodegas para julio de 2026 y pueden sufrir modificaciones. Se recomienda reservar y confirmar disponibilidad previamente.<\/strong><\/p>\n","protected":false},"excerpt":{"rendered":"<p>Nuevos vinos de bajo alcohol, blends y experiencias en bodegas de Mendoza y Patagonia para disfrutar las vacaciones de invierno 2026.<\/p>\n","protected":false},"author":1,"featured_media":19091,"comment_status":"open","ping_status":"open","sticky":false,"template":"","format":"standard","meta":{"_jetpack_newsletter_access":"","_jetpack_dont_email_post_to_subs":false,"_jetpack_newsletter_tier_id":0,"_jetpack_memberships_contains_paywalled_content":false,"_jetpack_feature_clip_id":0,"_jetpack_memberships_contains_paid_content":false,"footnotes":"","jetpack_publicize_message":"\ud83c\udf77\u2744\ufe0f Nuevos vinos, experiencias en bodegas y planes para disfrutar el invierno.\n\nTrumpeter Low llega con menos alcohol y mucha frescura; Pulsi\u00f3n presenta un nuevo blend para compartir; y bodegas de Mendoza y Patagonia proponen degustaciones, gastronom\u00eda, juegos y actividades para toda la familia.\n\n\ud83d\udc49 Descubr\u00ed todos los lanzamientos y recomendaciones en la nueva nota de El Vino del Mes.\n\n\ud83d\udd17 elvinodelmes.com.ar\/blog\n\n#ElVinoDelMes #LanzamientosDeVino #Enoturismo #VacacionesDeInvierno","jetpack_publicize_feature_enabled":true,"jetpack_social_post_already_shared":false,"jetpack_social_options":{"image_generator_settings":{"template":"highway","default_image_id":0,"font":"","enabled":false},"version":2},"jetpack_post_was_ever_published":false},"categories":[1561,1528,1463],"tags":[1901,1708,1099,1849,1411],"class_list":["post-19078","post","type-post","status-publish","format-standard","has-post-thumbnail","hentry","category-enoturismo","category-gacetillas-de-prensa","category-noticias","tag-bajo-alcohol","tag-enoturismo","tag-invierno","tag-low-calories","tag-vacaciones"],"yoast_head":"<!-- This site is optimized with the Yoast SEO plugin v28.4 - https:\/\/yoast.com\/product\/yoast-seo-wordpress\/ -->\n<title>Lanzamientos de vinos y experiencias para invierno 2026 - El Vino del Mes<\/title>\n<meta name=\"description\" content=\"Lanzamientos de vinos bajo alcohol, blends y experiencias en bodegas de Mendoza y Patagonia para disfrutar las vacaciones de invierno 2026.\" \/>\n<meta name=\"robots\" content=\"index, follow, max-snippet:-1, max-image-preview:large, max-video-preview:-1\" \/>\n<link rel=\"canonical\" href=\"https:\/\/www.elvinodelmes.com.ar\/blog\/2026\/07\/lanzamientos-vino-vacaciones-invierno-2026.html\" \/>\n<meta property=\"og:locale\" content=\"es_ES\" \/>\n<meta property=\"og:type\" content=\"article\" \/>\n<meta property=\"og:title\" content=\"Lanzamientos de vinos y experiencias para invierno 2026 - El Vino del Mes\" \/>\n<meta property=\"og:description\" content=\"Lanzamientos de vinos bajo alcohol, blends y experiencias en bodegas de Mendoza y Patagonia para disfrutar las vacaciones de invierno 2026.\" \/>\n<meta property=\"og:url\" content=\"https:\/\/www.elvinodelmes.com.ar\/blog\/2026\/07\/lanzamientos-vino-vacaciones-invierno-2026.html\" \/>\n<meta property=\"og:site_name\" content=\"El Vino del Mes\" \/>\n<meta property=\"article:publisher\" content=\"http:\/\/www.facebook.com\/elvinodelmes\" \/>\n<meta property=\"article:author\" content=\"https:\/\/www.facebook.com\/elvinodelmes\" \/>\n<meta property=\"article:published_time\" content=\"2026-07-14T17:27:51+00:00\" \/>\n<meta property=\"article:modified_time\" content=\"2026-07-14T17:27:53+00:00\" \/>\n<meta property=\"og:image\" content=\"https:\/\/www.elvinodelmes.com.ar\/blog\/wp-content\/uploads\/2026\/07\/Lanzamientos-y-Experiencias-Invierno-2026.png\" \/>\n\t<meta property=\"og:image:width\" content=\"1600\" \/>\n\t<meta property=\"og:image:height\" content=\"1000\" \/>\n\t<meta property=\"og:image:type\" content=\"image\/png\" \/>\n<meta name=\"author\" content=\"Esteban Bruno\" \/>\n<meta name=\"twitter:card\" content=\"summary_large_image\" \/>\n<meta name=\"twitter:creator\" content=\"@elvinodelmes\" \/>\n<meta name=\"twitter:site\" content=\"@elvinodelmes\" \/>\n<meta name=\"twitter:label1\" content=\"Escrito por\" \/>\n\t<meta name=\"twitter:data1\" content=\"Esteban Bruno\" \/>\n\t<meta name=\"twitter:label2\" content=\"Tiempo de lectura\" \/>\n\t<meta name=\"twitter:data2\" content=\"8 minutos\" \/>\n<script type=\"application\/ld+json\" class=\"yoast-schema-graph\">{\"@context\":\"https:\\\/\\\/schema.org\",\"@graph\":[{\"@type\":\"Article\",\"@id\":\"https:\\\/\\\/www.elvinodelmes.com.ar\\\/blog\\\/2026\\\/07\\\/lanzamientos-vino-vacaciones-invierno-2026.html#article\",\"isPartOf\":{\"@id\":\"https:\\\/\\\/www.elvinodelmes.com.ar\\\/blog\\\/2026\\\/07\\\/lanzamientos-vino-vacaciones-invierno-2026.html\"},\"author\":{\"name\":\"Esteban Bruno\",\"@id\":\"https:\\\/\\\/www.elvinodelmes.com.ar\\\/blog\\\/#\\\/schema\\\/person\\\/a30bfb3bb8848a292be47ae2dbf560e6\"},\"headline\":\"Lanzamientos de vino y experiencias para disfrutar las vacaciones de invierno\",\"datePublished\":\"2026-07-14T17:27:51+00:00\",\"dateModified\":\"2026-07-14T17:27:53+00:00\",\"mainEntityOfPage\":{\"@id\":\"https:\\\/\\\/www.elvinodelmes.com.ar\\\/blog\\\/2026\\\/07\\\/lanzamientos-vino-vacaciones-invierno-2026.html\"},\"wordCount\":1208,\"commentCount\":0,\"publisher\":{\"@id\":\"https:\\\/\\\/www.elvinodelmes.com.ar\\\/blog\\\/#organization\"},\"image\":{\"@id\":\"https:\\\/\\\/www.elvinodelmes.com.ar\\\/blog\\\/2026\\\/07\\\/lanzamientos-vino-vacaciones-invierno-2026.html#primaryimage\"},\"thumbnailUrl\":\"https:\\\/\\\/i0.wp.com\\\/www.elvinodelmes.com.ar\\\/blog\\\/wp-content\\\/uploads\\\/2026\\\/07\\\/Lanzamientos-y-Experiencias-Invierno-2026.png?fit=1600%2C1000&ssl=1\",\"keywords\":[\"bajo alcohol\",\"enoturismo\",\"invierno\",\"low calories\",\"vacaciones\"],\"articleSection\":[\"Enoturismo\",\"Gacetillas de Prensa\",\"Noticias\"],\"inLanguage\":\"es\",\"potentialAction\":[{\"@type\":\"CommentAction\",\"name\":\"Comment\",\"target\":[\"https:\\\/\\\/www.elvinodelmes.com.ar\\\/blog\\\/2026\\\/07\\\/lanzamientos-vino-vacaciones-invierno-2026.html#respond\"]}]},{\"@type\":\"WebPage\",\"@id\":\"https:\\\/\\\/www.elvinodelmes.com.ar\\\/blog\\\/2026\\\/07\\\/lanzamientos-vino-vacaciones-invierno-2026.html\",\"url\":\"https:\\\/\\\/www.elvinodelmes.com.ar\\\/blog\\\/2026\\\/07\\\/lanzamientos-vino-vacaciones-invierno-2026.html\",\"name\":\"Lanzamientos de vinos y experiencias para invierno 2026 - El Vino del Mes\",\"isPartOf\":{\"@id\":\"https:\\\/\\\/www.elvinodelmes.com.ar\\\/blog\\\/#website\"},\"primaryImageOfPage\":{\"@id\":\"https:\\\/\\\/www.elvinodelmes.com.ar\\\/blog\\\/2026\\\/07\\\/lanzamientos-vino-vacaciones-invierno-2026.html#primaryimage\"},\"image\":{\"@id\":\"https:\\\/\\\/www.elvinodelmes.com.ar\\\/blog\\\/2026\\\/07\\\/lanzamientos-vino-vacaciones-invierno-2026.html#primaryimage\"},\"thumbnailUrl\":\"https:\\\/\\\/i0.wp.com\\\/www.elvinodelmes.com.ar\\\/blog\\\/wp-content\\\/uploads\\\/2026\\\/07\\\/Lanzamientos-y-Experiencias-Invierno-2026.png?fit=1600%2C1000&ssl=1\",\"datePublished\":\"2026-07-14T17:27:51+00:00\",\"dateModified\":\"2026-07-14T17:27:53+00:00\",\"description\":\"Lanzamientos de vinos bajo alcohol, blends y experiencias en bodegas de Mendoza y Patagonia para disfrutar las vacaciones de invierno 2026.\",\"breadcrumb\":{\"@id\":\"https:\\\/\\\/www.elvinodelmes.com.ar\\\/blog\\\/2026\\\/07\\\/lanzamientos-vino-vacaciones-invierno-2026.html#breadcrumb\"},\"inLanguage\":\"es\",\"potentialAction\":[{\"@type\":\"ReadAction\",\"target\":[\"https:\\\/\\\/www.elvinodelmes.com.ar\\\/blog\\\/2026\\\/07\\\/lanzamientos-vino-vacaciones-invierno-2026.html\"]}]},{\"@type\":\"ImageObject\",\"inLanguage\":\"es\",\"@id\":\"https:\\\/\\\/www.elvinodelmes.com.ar\\\/blog\\\/2026\\\/07\\\/lanzamientos-vino-vacaciones-invierno-2026.html#primaryimage\",\"url\":\"https:\\\/\\\/i0.wp.com\\\/www.elvinodelmes.com.ar\\\/blog\\\/wp-content\\\/uploads\\\/2026\\\/07\\\/Lanzamientos-y-Experiencias-Invierno-2026.png?fit=1600%2C1000&ssl=1\",\"contentUrl\":\"https:\\\/\\\/i0.wp.com\\\/www.elvinodelmes.com.ar\\\/blog\\\/wp-content\\\/uploads\\\/2026\\\/07\\\/Lanzamientos-y-Experiencias-Invierno-2026.png?fit=1600%2C1000&ssl=1\",\"width\":1600,\"height\":1000,\"caption\":\"Lanzamientos y Experiencias Invierno 2026\"},{\"@type\":\"BreadcrumbList\",\"@id\":\"https:\\\/\\\/www.elvinodelmes.com.ar\\\/blog\\\/2026\\\/07\\\/lanzamientos-vino-vacaciones-invierno-2026.html#breadcrumb\",\"itemListElement\":[{\"@type\":\"ListItem\",\"position\":1,\"name\":\"Inicio\",\"item\":\"https:\\\/\\\/www.elvinodelmes.com.ar\\\/blog\"},{\"@type\":\"ListItem\",\"position\":2,\"name\":\"Lanzamientos de vino y experiencias para disfrutar las vacaciones de invierno\"}]},{\"@type\":\"WebSite\",\"@id\":\"https:\\\/\\\/www.elvinodelmes.com.ar\\\/blog\\\/#website\",\"url\":\"https:\\\/\\\/www.elvinodelmes.com.ar\\\/blog\\\/\",\"name\":\"El Vino del Mes\",\"description\":\"Doce meses, doce vinos. Bit\u00e1cora de las veladas et\u00edlicas y recorrida por el mundo del vino argentino.\",\"publisher\":{\"@id\":\"https:\\\/\\\/www.elvinodelmes.com.ar\\\/blog\\\/#organization\"},\"potentialAction\":[{\"@type\":\"SearchAction\",\"target\":{\"@type\":\"EntryPoint\",\"urlTemplate\":\"https:\\\/\\\/www.elvinodelmes.com.ar\\\/blog\\\/?s={search_term_string}\"},\"query-input\":{\"@type\":\"PropertyValueSpecification\",\"valueRequired\":true,\"valueName\":\"search_term_string\"}}],\"inLanguage\":\"es\"},{\"@type\":\"Organization\",\"@id\":\"https:\\\/\\\/www.elvinodelmes.com.ar\\\/blog\\\/#organization\",\"name\":\"El Vino del Mes\",\"url\":\"https:\\\/\\\/www.elvinodelmes.com.ar\\\/blog\\\/\",\"logo\":{\"@type\":\"ImageObject\",\"inLanguage\":\"es\",\"@id\":\"https:\\\/\\\/www.elvinodelmes.com.ar\\\/blog\\\/#\\\/schema\\\/logo\\\/image\\\/\",\"url\":\"https:\\\/\\\/i0.wp.com\\\/www.elvinodelmes.com.ar\\\/blog\\\/wp-content\\\/uploads\\\/2023\\\/08\\\/cropped-Logo-El-Vino-del-Mes-con-Iso-Full-150dpi.png?fit=1438%2C300&ssl=1\",\"contentUrl\":\"https:\\\/\\\/i0.wp.com\\\/www.elvinodelmes.com.ar\\\/blog\\\/wp-content\\\/uploads\\\/2023\\\/08\\\/cropped-Logo-El-Vino-del-Mes-con-Iso-Full-150dpi.png?fit=1438%2C300&ssl=1\",\"width\":1438,\"height\":300,\"caption\":\"El Vino del Mes\"},\"image\":{\"@id\":\"https:\\\/\\\/www.elvinodelmes.com.ar\\\/blog\\\/#\\\/schema\\\/logo\\\/image\\\/\"},\"sameAs\":[\"http:\\\/\\\/www.facebook.com\\\/elvinodelmes\",\"https:\\\/\\\/x.com\\\/elvinodelmes\",\"http:\\\/\\\/www.instagram.com\\\/elvinodelmes\",\"https:\\\/\\\/www.linkedin.com\\\/in\\\/estebanbruno\\\/\",\"https:\\\/\\\/ar.pinterest.com\\\/elvinodelmes\\\/\",\"https:\\\/\\\/www.youtube.com\\\/user\\\/estebanbruno\",\"http:\\\/\\\/www.instagram.com\\\/magiayvino\"]},{\"@type\":\"Person\",\"@id\":\"https:\\\/\\\/www.elvinodelmes.com.ar\\\/blog\\\/#\\\/schema\\\/person\\\/a30bfb3bb8848a292be47ae2dbf560e6\",\"name\":\"Esteban Bruno\",\"image\":{\"@type\":\"ImageObject\",\"inLanguage\":\"es\",\"@id\":\"https:\\\/\\\/secure.gravatar.com\\\/avatar\\\/bbd1ae6a9918a7541cf7bdf7b089f8731c8f062e7a976bce2880c2e46e1c4a8e?s=96&d=mm&r=g\",\"url\":\"https:\\\/\\\/secure.gravatar.com\\\/avatar\\\/bbd1ae6a9918a7541cf7bdf7b089f8731c8f062e7a976bce2880c2e46e1c4a8e?s=96&d=mm&r=g\",\"contentUrl\":\"https:\\\/\\\/secure.gravatar.com\\\/avatar\\\/bbd1ae6a9918a7541cf7bdf7b089f8731c8f062e7a976bce2880c2e46e1c4a8e?s=96&d=mm&r=g\",\"caption\":\"Esteban Bruno\"},\"description\":\"Vengo del mundo IT y encontr\u00e9 en el vino una forma de contar historias, descubrir lugares y compartir experiencias. Me capacit\u00e9 en C.A.V.E. y desde El Vino del Mes escribo sobre vino argentino con una mirada cercana y curiosa. Tambi\u00e9n soy ilusionista, creador de #MagiayVino (@magiayvino), guitarrista y miembro fundador AWB.\",\"sameAs\":[\"https:\\\/\\\/www.elvinodelmes.com.ar\",\"https:\\\/\\\/www.facebook.com\\\/elvinodelmes\",\"http:\\\/\\\/www.instagram.com\\\/magiayvino\",\"https:\\\/\\\/www.linkedin.com\\\/in\\\/estebanbruno\",\"https:\\\/\\\/ar.pinterest.com\\\/elvinodelmes\\\/\",\"https:\\\/\\\/x.com\\\/elvinodelmes\",\"http:\\\/\\\/www.youtube.com\\\/user\\\/estebanbruno\"],\"url\":\"https:\\\/\\\/www.elvinodelmes.com.ar\\\/blog\\\/author\\\/estebanbruno\"}]}<\/script>\n<!-- \/ Yoast SEO plugin. -->","yoast_head_json":{"title":"Lanzamientos de vinos y experiencias para invierno 2026 - El Vino del Mes","description":"Lanzamientos de vinos bajo alcohol, blends y experiencias en bodegas de Mendoza y Patagonia para disfrutar las vacaciones de invierno 2026.","robots":{"index":"index","follow":"follow","max-snippet":"max-snippet:-1","max-image-preview":"max-image-preview:large","max-video-preview":"max-video-preview:-1"},"canonical":"https:\/\/www.elvinodelmes.com.ar\/blog\/2026\/07\/lanzamientos-vino-vacaciones-invierno-2026.html","og_locale":"es_ES","og_type":"article","og_title":"Lanzamientos de vinos y experiencias para invierno 2026 - El Vino del Mes","og_description":"Lanzamientos de vinos bajo alcohol, blends y experiencias en bodegas de Mendoza y Patagonia para disfrutar las vacaciones de invierno 2026.","og_url":"https:\/\/www.elvinodelmes.com.ar\/blog\/2026\/07\/lanzamientos-vino-vacaciones-invierno-2026.html","og_site_name":"El Vino del Mes","article_publisher":"http:\/\/www.facebook.com\/elvinodelmes","article_author":"https:\/\/www.facebook.com\/elvinodelmes","article_published_time":"2026-07-14T17:27:51+00:00","article_modified_time":"2026-07-14T17:27:53+00:00","og_image":[{"width":1600,"height":1000,"url":"https:\/\/www.elvinodelmes.com.ar\/blog\/wp-content\/uploads\/2026\/07\/Lanzamientos-y-Experiencias-Invierno-2026.png","type":"image\/png"}],"author":"Esteban Bruno","twitter_card":"summary_large_image","twitter_creator":"@elvinodelmes","twitter_site":"@elvinodelmes","twitter_misc":{"Escrito por":"Esteban Bruno","Tiempo de lectura":"8 minutos"},"schema":{"@context":"https:\/\/schema.org","@graph":[{"@type":"Article","@id":"https:\/\/www.elvinodelmes.com.ar\/blog\/2026\/07\/lanzamientos-vino-vacaciones-invierno-2026.html#article","isPartOf":{"@id":"https:\/\/www.elvinodelmes.com.ar\/blog\/2026\/07\/lanzamientos-vino-vacaciones-invierno-2026.html"},"author":{"name":"Esteban Bruno","@id":"https:\/\/www.elvinodelmes.com.ar\/blog\/#\/schema\/person\/a30bfb3bb8848a292be47ae2dbf560e6"},"headline":"Lanzamientos de vino y experiencias para disfrutar las vacaciones de invierno","datePublished":"2026-07-14T17:27:51+00:00","dateModified":"2026-07-14T17:27:53+00:00","mainEntityOfPage":{"@id":"https:\/\/www.elvinodelmes.com.ar\/blog\/2026\/07\/lanzamientos-vino-vacaciones-invierno-2026.html"},"wordCount":1208,"commentCount":0,"publisher":{"@id":"https:\/\/www.elvinodelmes.com.ar\/blog\/#organization"},"image":{"@id":"https:\/\/www.elvinodelmes.com.ar\/blog\/2026\/07\/lanzamientos-vino-vacaciones-invierno-2026.html#primaryimage"},"thumbnailUrl":"https:\/\/i0.wp.com\/www.elvinodelmes.com.ar\/blog\/wp-content\/uploads\/2026\/07\/Lanzamientos-y-Experiencias-Invierno-2026.png?fit=1600%2C1000&ssl=1","keywords":["bajo alcohol","enoturismo","invierno","low calories","vacaciones"],"articleSection":["Enoturismo","Gacetillas de Prensa","Noticias"],"inLanguage":"es","potentialAction":[{"@type":"CommentAction","name":"Comment","target":["https:\/\/www.elvinodelmes.com.ar\/blog\/2026\/07\/lanzamientos-vino-vacaciones-invierno-2026.html#respond"]}]},{"@type":"WebPage","@id":"https:\/\/www.elvinodelmes.com.ar\/blog\/2026\/07\/lanzamientos-vino-vacaciones-invierno-2026.html","url":"https:\/\/www.elvinodelmes.com.ar\/blog\/2026\/07\/lanzamientos-vino-vacaciones-invierno-2026.html","name":"Lanzamientos de vinos y experiencias para invierno 2026 - El Vino del Mes","isPartOf":{"@id":"https:\/\/www.elvinodelmes.com.ar\/blog\/#website"},"primaryImageOfPage":{"@id":"https:\/\/www.elvinodelmes.com.ar\/blog\/2026\/07\/lanzamientos-vino-vacaciones-invierno-2026.html#primaryimage"},"image":{"@id":"https:\/\/www.elvinodelmes.com.ar\/blog\/2026\/07\/lanzamientos-vino-vacaciones-invierno-2026.html#primaryimage"},"thumbnailUrl":"https:\/\/i0.wp.com\/www.elvinodelmes.com.ar\/blog\/wp-content\/uploads\/2026\/07\/Lanzamientos-y-Experiencias-Invierno-2026.png?fit=1600%2C1000&ssl=1","datePublished":"2026-07-14T17:27:51+00:00","dateModified":"2026-07-14T17:27:53+00:00","description":"Lanzamientos de vinos bajo alcohol, blends y experiencias en bodegas de Mendoza y Patagonia para disfrutar las vacaciones de invierno 2026.","breadcrumb":{"@id":"https:\/\/www.elvinodelmes.com.ar\/blog\/2026\/07\/lanzamientos-vino-vacaciones-invierno-2026.html#breadcrumb"},"inLanguage":"es","potentialAction":[{"@type":"ReadAction","target":["https:\/\/www.elvinodelmes.com.ar\/blog\/2026\/07\/lanzamientos-vino-vacaciones-invierno-2026.html"]}]},{"@type":"ImageObject","inLanguage":"es","@id":"https:\/\/www.elvinodelmes.com.ar\/blog\/2026\/07\/lanzamientos-vino-vacaciones-invierno-2026.html#primaryimage","url":"https:\/\/i0.wp.com\/www.elvinodelmes.com.ar\/blog\/wp-content\/uploads\/2026\/07\/Lanzamientos-y-Experiencias-Invierno-2026.png?fit=1600%2C1000&ssl=1","contentUrl":"https:\/\/i0.wp.com\/www.elvinodelmes.com.ar\/blog\/wp-content\/uploads\/2026\/07\/Lanzamientos-y-Experiencias-Invierno-2026.png?fit=1600%2C1000&ssl=1","width":1600,"height":1000,"caption":"Lanzamientos y Experiencias Invierno 2026"},{"@type":"BreadcrumbList","@id":"https:\/\/www.elvinodelmes.com.ar\/blog\/2026\/07\/lanzamientos-vino-vacaciones-invierno-2026.html#breadcrumb","itemListElement":[{"@type":"ListItem","position":1,"name":"Inicio","item":"https:\/\/www.elvinodelmes.com.ar\/blog"},{"@type":"ListItem","position":2,"name":"Lanzamientos de vino y experiencias para disfrutar las vacaciones de invierno"}]},{"@type":"WebSite","@id":"https:\/\/www.elvinodelmes.com.ar\/blog\/#website","url":"https:\/\/www.elvinodelmes.com.ar\/blog\/","name":"El Vino del Mes","description":"Doce meses, doce vinos. Bit\u00e1cora de las veladas et\u00edlicas y recorrida por el mundo del vino argentino.","publisher":{"@id":"https:\/\/www.elvinodelmes.com.ar\/blog\/#organization"},"potentialAction":[{"@type":"SearchAction","target":{"@type":"EntryPoint","urlTemplate":"https:\/\/www.elvinodelmes.com.ar\/blog\/?s={search_term_string}"},"query-input":{"@type":"PropertyValueSpecification","valueRequired":true,"valueName":"search_term_string"}}],"inLanguage":"es"},{"@type":"Organization","@id":"https:\/\/www.elvinodelmes.com.ar\/blog\/#organization","name":"El Vino del Mes","url":"https:\/\/www.elvinodelmes.com.ar\/blog\/","logo":{"@type":"ImageObject","inLanguage":"es","@id":"https:\/\/www.elvinodelmes.com.ar\/blog\/#\/schema\/logo\/image\/","url":"https:\/\/i0.wp.com\/www.elvinodelmes.com.ar\/blog\/wp-content\/uploads\/2023\/08\/cropped-Logo-El-Vino-del-Mes-con-Iso-Full-150dpi.png?fit=1438%2C300&ssl=1","contentUrl":"https:\/\/i0.wp.com\/www.elvinodelmes.com.ar\/blog\/wp-content\/uploads\/2023\/08\/cropped-Logo-El-Vino-del-Mes-con-Iso-Full-150dpi.png?fit=1438%2C300&ssl=1","width":1438,"height":300,"caption":"El Vino del Mes"},"image":{"@id":"https:\/\/www.elvinodelmes.com.ar\/blog\/#\/schema\/logo\/image\/"},"sameAs":["http:\/\/www.facebook.com\/elvinodelmes","https:\/\/x.com\/elvinodelmes","http:\/\/www.instagram.com\/elvinodelmes","https:\/\/www.linkedin.com\/in\/estebanbruno\/","https:\/\/ar.pinterest.com\/elvinodelmes\/","https:\/\/www.youtube.com\/user\/estebanbruno","http:\/\/www.instagram.com\/magiayvino"]},{"@type":"Person","@id":"https:\/\/www.elvinodelmes.com.ar\/blog\/#\/schema\/person\/a30bfb3bb8848a292be47ae2dbf560e6","name":"Esteban Bruno","image":{"@type":"ImageObject","inLanguage":"es","@id":"https:\/\/secure.gravatar.com\/avatar\/bbd1ae6a9918a7541cf7bdf7b089f8731c8f062e7a976bce2880c2e46e1c4a8e?s=96&d=mm&r=g","url":"https:\/\/secure.gravatar.com\/avatar\/bbd1ae6a9918a7541cf7bdf7b089f8731c8f062e7a976bce2880c2e46e1c4a8e?s=96&d=mm&r=g","contentUrl":"https:\/\/secure.gravatar.com\/avatar\/bbd1ae6a9918a7541cf7bdf7b089f8731c8f062e7a976bce2880c2e46e1c4a8e?s=96&d=mm&r=g","caption":"Esteban Bruno"},"description":"Vengo del mundo IT y encontr\u00e9 en el vino una forma de contar historias, descubrir lugares y compartir experiencias. Me capacit\u00e9 en C.A.V.E. y desde El Vino del Mes escribo sobre vino argentino con una mirada cercana y curiosa. Tambi\u00e9n soy ilusionista, creador de #MagiayVino (@magiayvino), guitarrista y miembro fundador AWB.","sameAs":["https:\/\/www.elvinodelmes.com.ar","https:\/\/www.facebook.com\/elvinodelmes","http:\/\/www.instagram.com\/magiayvino","https:\/\/www.linkedin.com\/in\/estebanbruno","https:\/\/ar.pinterest.com\/elvinodelmes\/","https:\/\/x.com\/elvinodelmes","http:\/\/www.youtube.com\/user\/estebanbruno"],"url":"https:\/\/www.elvinodelmes.com.ar\/blog\/author\/estebanbruno"}]}},"jetpack_publicize_connections":[],"jetpack_sharing_enabled":true,"jetpack_likes_enabled":true,"jetpack-related-posts":[{"id":16098,"url":"https:\/\/www.elvinodelmes.com.ar\/blog\/2025\/06\/vacaciones-de-invierno-en-bodega-cruzat-experiencias-para-disfrutar-en-familia.html","url_meta":{"origin":19078,"position":0},"title":"Vacaciones de invierno en Bodega Cruzat: experiencias para disfrutar en familia","author":"Esteban Bruno","date":"30 de junio de 2025","format":false,"excerpt":"Bodega Cruzat recibe a los amantes de las burbujas en estas vacaciones de invierno, con propuestas con actividades para los m\u00e1s chicos.","rel":"","context":"En \u00abEnoturismo\u00bb","block_context":{"text":"Enoturismo","link":"https:\/\/www.elvinodelmes.com.ar\/blog\/bodegas\/enoturismo"},"img":{"alt_text":"Cruzat Vacaciones Invierno","src":"https:\/\/i0.wp.com\/www.elvinodelmes.com.ar\/blog\/wp-content\/uploads\/2025\/06\/image-33.png?fit=1039%2C618&ssl=1&resize=350%2C200","width":350,"height":200,"srcset":"https:\/\/i0.wp.com\/www.elvinodelmes.com.ar\/blog\/wp-content\/uploads\/2025\/06\/image-33.png?fit=1039%2C618&ssl=1&resize=350%2C200 1x, https:\/\/i0.wp.com\/www.elvinodelmes.com.ar\/blog\/wp-content\/uploads\/2025\/06\/image-33.png?fit=1039%2C618&ssl=1&resize=525%2C300 1.5x, https:\/\/i0.wp.com\/www.elvinodelmes.com.ar\/blog\/wp-content\/uploads\/2025\/06\/image-33.png?fit=1039%2C618&ssl=1&resize=700%2C400 2x"},"classes":[]},{"id":15964,"url":"https:\/\/www.elvinodelmes.com.ar\/blog\/2025\/06\/susana-balbo-invita-a-disfrutar-de-las-vacaciones-de-invierno.html","url_meta":{"origin":19078,"position":1},"title":"Susana Balbo invita a Disfrutar de las Vacaciones de invierno","author":"Esteban Bruno","date":"11 de junio de 2025","format":false,"excerpt":"Susana Balbo invita a disfrutar de diferentes opciones para almuerzos, visitas y degustaciones rodeados de vi\u00f1edos en este receso invernal.","rel":"","context":"En \u00abEnoturismo\u00bb","block_context":{"text":"Enoturismo","link":"https:\/\/www.elvinodelmes.com.ar\/blog\/bodegas\/enoturismo"},"img":{"alt_text":"Susana Balbo","src":"https:\/\/i0.wp.com\/www.elvinodelmes.com.ar\/blog\/wp-content\/uploads\/2025\/06\/image-1.png?fit=1056%2C697&ssl=1&resize=350%2C200","width":350,"height":200,"srcset":"https:\/\/i0.wp.com\/www.elvinodelmes.com.ar\/blog\/wp-content\/uploads\/2025\/06\/image-1.png?fit=1056%2C697&ssl=1&resize=350%2C200 1x, https:\/\/i0.wp.com\/www.elvinodelmes.com.ar\/blog\/wp-content\/uploads\/2025\/06\/image-1.png?fit=1056%2C697&ssl=1&resize=525%2C300 1.5x, https:\/\/i0.wp.com\/www.elvinodelmes.com.ar\/blog\/wp-content\/uploads\/2025\/06\/image-1.png?fit=1056%2C697&ssl=1&resize=700%2C400 2x, https:\/\/i0.wp.com\/www.elvinodelmes.com.ar\/blog\/wp-content\/uploads\/2025\/06\/image-1.png?fit=1056%2C697&ssl=1&resize=1050%2C600 3x"},"classes":[]},{"id":13709,"url":"https:\/\/www.elvinodelmes.com.ar\/blog\/2021\/01\/propuesta-original-de-enoturismo-en-domaine-bousquet.html","url_meta":{"origin":19078,"position":2},"title":"Propuesta original de enoturismo en Domaine Bousquet","author":"Esteban Bruno","date":"26 de enero de 2021","format":false,"excerpt":"Domaine Bousquet renov\u00f3 sus propuestas de enoturismo para el verano 2021. Quienes visiten la bodega disfrutar\u00e1n de una experiencia original.","rel":"","context":"En \u00abEnoturismo\u00bb","block_context":{"text":"Enoturismo","link":"https:\/\/www.elvinodelmes.com.ar\/blog\/bodegas\/enoturismo"},"img":{"alt_text":"Domaine Bousquet","src":"https:\/\/i0.wp.com\/www.elvinodelmes.com.ar\/blog\/wp-content\/uploads\/2021\/01\/Domaine-Bousquet-Enoturismo-scaled.jpg?fit=1200%2C800&ssl=1&resize=350%2C200","width":350,"height":200,"srcset":"https:\/\/i0.wp.com\/www.elvinodelmes.com.ar\/blog\/wp-content\/uploads\/2021\/01\/Domaine-Bousquet-Enoturismo-scaled.jpg?fit=1200%2C800&ssl=1&resize=350%2C200 1x, https:\/\/i0.wp.com\/www.elvinodelmes.com.ar\/blog\/wp-content\/uploads\/2021\/01\/Domaine-Bousquet-Enoturismo-scaled.jpg?fit=1200%2C800&ssl=1&resize=525%2C300 1.5x, https:\/\/i0.wp.com\/www.elvinodelmes.com.ar\/blog\/wp-content\/uploads\/2021\/01\/Domaine-Bousquet-Enoturismo-scaled.jpg?fit=1200%2C800&ssl=1&resize=700%2C400 2x, https:\/\/i0.wp.com\/www.elvinodelmes.com.ar\/blog\/wp-content\/uploads\/2021\/01\/Domaine-Bousquet-Enoturismo-scaled.jpg?fit=1200%2C800&ssl=1&resize=1050%2C600 3x"},"classes":[]},{"id":19263,"url":"https:\/\/www.elvinodelmes.com.ar\/blog\/2026\/08\/el-vino-como-constructor-de-experiencias.html","url_meta":{"origin":19078,"position":3},"title":"El vino como constructor de experiencias: un foro sobre enoturismo, gastronom\u00eda y hospitalidad","author":"Esteban Bruno","date":"27 de agosto de 2026","format":false,"excerpt":"En la Universidad de Belgrano se desarrollar\u00e1 un foro sobre enoturismo, gastronom\u00eda y hospitalidad con Bodega Gamboa, Colom\u00e9 y \u00c1ngel Ramos.","rel":"","context":"En \u00abEnoturismo\u00bb","block_context":{"text":"Enoturismo","link":"https:\/\/www.elvinodelmes.com.ar\/blog\/bodegas\/enoturismo"},"img":{"alt_text":"El vino como constructor de experiencias","src":"https:\/\/i0.wp.com\/www.elvinodelmes.com.ar\/blog\/wp-content\/uploads\/2026\/08\/El-vino-como-constructor-de-experiencias-2.png?fit=1200%2C630&ssl=1&resize=350%2C200","width":350,"height":200,"srcset":"https:\/\/i0.wp.com\/www.elvinodelmes.com.ar\/blog\/wp-content\/uploads\/2026\/08\/El-vino-como-constructor-de-experiencias-2.png?fit=1200%2C630&ssl=1&resize=350%2C200 1x, https:\/\/i0.wp.com\/www.elvinodelmes.com.ar\/blog\/wp-content\/uploads\/2026\/08\/El-vino-como-constructor-de-experiencias-2.png?fit=1200%2C630&ssl=1&resize=525%2C300 1.5x, https:\/\/i0.wp.com\/www.elvinodelmes.com.ar\/blog\/wp-content\/uploads\/2026\/08\/El-vino-como-constructor-de-experiencias-2.png?fit=1200%2C630&ssl=1&resize=700%2C400 2x, https:\/\/i0.wp.com\/www.elvinodelmes.com.ar\/blog\/wp-content\/uploads\/2026\/08\/El-vino-como-constructor-de-experiencias-2.png?fit=1200%2C630&ssl=1&resize=1050%2C600 3x"},"classes":[]},{"id":17727,"url":"https:\/\/www.elvinodelmes.com.ar\/blog\/2026\/01\/vinos-pileteros.html","url_meta":{"origin":19078,"position":4},"title":"Vinos pileteros, pero en serio: la versi\u00f3n 2.0 del vino de verano (bajo alcohol, 0,0% y sin clich\u00e9s)","author":"Esteban Bruno","date":"14 de enero de 2026","format":false,"excerpt":"Vinos pileteros sin clich\u00e9s: espumantes y vinos low alcohol, opciones 0,0% y claves para elegir fresco, liviano y bien de verano.","rel":"","context":"En \u00abInter\u00e9s\u00bb","block_context":{"text":"Inter\u00e9s","link":"https:\/\/www.elvinodelmes.com.ar\/blog\/interes"},"img":{"alt_text":"vinos pileteros 2.0","src":"https:\/\/i0.wp.com\/www.elvinodelmes.com.ar\/blog\/wp-content\/uploads\/2026\/01\/vinos-pileteros-2.0.webp?fit=1200%2C800&ssl=1&resize=350%2C200","width":350,"height":200,"srcset":"https:\/\/i0.wp.com\/www.elvinodelmes.com.ar\/blog\/wp-content\/uploads\/2026\/01\/vinos-pileteros-2.0.webp?fit=1200%2C800&ssl=1&resize=350%2C200 1x, https:\/\/i0.wp.com\/www.elvinodelmes.com.ar\/blog\/wp-content\/uploads\/2026\/01\/vinos-pileteros-2.0.webp?fit=1200%2C800&ssl=1&resize=525%2C300 1.5x, https:\/\/i0.wp.com\/www.elvinodelmes.com.ar\/blog\/wp-content\/uploads\/2026\/01\/vinos-pileteros-2.0.webp?fit=1200%2C800&ssl=1&resize=700%2C400 2x, https:\/\/i0.wp.com\/www.elvinodelmes.com.ar\/blog\/wp-content\/uploads\/2026\/01\/vinos-pileteros-2.0.webp?fit=1200%2C800&ssl=1&resize=1050%2C600 3x"},"classes":[]},{"id":13727,"url":"https:\/\/www.elvinodelmes.com.ar\/blog\/2021\/02\/enoturismo-en-bodega-cruzat-experiencias-al-aire-libre.html","url_meta":{"origin":19078,"position":5},"title":"Enoturismo en Bodega Cruzat: Experiencias al aire libre","author":"Esteban Bruno","date":"3 de febrero de 2021","format":false,"excerpt":"La Bodega Cruzat abri\u00f3 sus puertas al enoturismo y ofrece diferentes programas de verano con atractivas propuestas para toda la familia.","rel":"","context":"En \u00abEnoturismo\u00bb","block_context":{"text":"Enoturismo","link":"https:\/\/www.elvinodelmes.com.ar\/blog\/bodegas\/enoturismo"},"img":{"alt_text":"enoturismo cruzat verano 2021","src":"https:\/\/i0.wp.com\/www.elvinodelmes.com.ar\/blog\/wp-content\/uploads\/2021\/02\/cruzat-verano-2021.jpg?fit=900%2C450&ssl=1&resize=350%2C200","width":350,"height":200,"srcset":"https:\/\/i0.wp.com\/www.elvinodelmes.com.ar\/blog\/wp-content\/uploads\/2021\/02\/cruzat-verano-2021.jpg?fit=900%2C450&ssl=1&resize=350%2C200 1x, https:\/\/i0.wp.com\/www.elvinodelmes.com.ar\/blog\/wp-content\/uploads\/2021\/02\/cruzat-verano-2021.jpg?fit=900%2C450&ssl=1&resize=525%2C300 1.5x, https:\/\/i0.wp.com\/www.elvinodelmes.com.ar\/blog\/wp-content\/uploads\/2021\/02\/cruzat-verano-2021.jpg?fit=900%2C450&ssl=1&resize=700%2C400 2x"},"classes":[]}],"jetpack_shortlink":"https:\/\/wp.me\/pbinhb-4XI","jetpack_featured_media_url":"https:\/\/i0.wp.com\/www.elvinodelmes.com.ar\/blog\/wp-content\/uploads\/2026\/07\/Lanzamientos-y-Experiencias-Invierno-2026.png?fit=1600%2C1000&ssl=1","_links":{"self":[{"href":"https:\/\/www.elvinodelmes.com.ar\/blog\/wp-json\/wp\/v2\/posts\/19078","targetHints":{"allow":["GET"]}}],"collection":[{"href":"https:\/\/www.elvinodelmes.com.ar\/blog\/wp-json\/wp\/v2\/posts"}],"about":[{"href":"https:\/\/www.elvinodelmes.com.ar\/blog\/wp-json\/wp\/v2\/types\/post"}],"author":[{"embeddable":true,"href":"https:\/\/www.elvinodelmes.com.ar\/blog\/wp-json\/wp\/v2\/users\/1"}],"replies":[{"embeddable":true,"href":"https:\/\/www.elvinodelmes.com.ar\/blog\/wp-json\/wp\/v2\/comments?post=19078"}],"version-history":[{"count":2,"href":"https:\/\/www.elvinodelmes.com.ar\/blog\/wp-json\/wp\/v2\/posts\/19078\/revisions"}],"predecessor-version":[{"id":19093,"href":"https:\/\/www.elvinodelmes.com.ar\/blog\/wp-json\/wp\/v2\/posts\/19078\/revisions\/19093"}],"wp:featuredmedia":[{"embeddable":true,"href":"https:\/\/www.elvinodelmes.com.ar\/blog\/wp-json\/wp\/v2\/media\/19091"}],"wp:attachment":[{"href":"https:\/\/www.elvinodelmes.com.ar\/blog\/wp-json\/wp\/v2\/media?parent=19078"}],"wp:term":[{"taxonomy":"category","embeddable":true,"href":"https:\/\/www.elvinodelmes.com.ar\/blog\/wp-json\/wp\/v2\/categories?post=19078"},{"taxonomy":"post_tag","embeddable":true,"href":"https:\/\/www.elvinodelmes.com.ar\/blog\/wp-json\/wp\/v2\/tags?post=19078"}],"curies":[{"name":"wp","href":"https:\/\/api.w.org\/{rel}","templated":true}]}}